{"id":25667,"date":"2026-04-29T17:37:13","date_gmt":"2026-04-29T15:37:13","guid":{"rendered":"https:\/\/talking-hope.org\/?p=25667"},"modified":"2026-04-29T17:44:38","modified_gmt":"2026-04-29T15:44:38","slug":"placida_empfang_2026","status":"publish","type":"post","link":"https:\/\/talking-hope.org\/de\/placida_empfang_2026\/","title":{"rendered":"Placida_Empfang_2026"},"content":{"rendered":"<div class=\"gb-container gb-container-2015d632\">\n<div class=\"gb-container gb-container-bb5c9806\">\n<div class=\"gb-container gb-container-b1cf4801\">\n\n<h1 class=\"wp-block-heading has-text-align-center has-accent-2-color has-text-color\" style=\"font-size:52px\">Veranstaltungen<br><\/h1>\n\n<\/div>\n<\/div>\n\n<div class=\"gb-container gb-container-8a1dfe02\">\n<div class=\"gb-container gb-container-923a08a4\">\n<div class=\"gb-container gb-container-77f86f1e\">\n\n<figure class=\"gb-block-image gb-block-image-61ca27c0\"><img loading=\"lazy\" decoding=\"async\" width=\"595\" height=\"841\" class=\"gb-image gb-image-61ca27c0\" src=\"https:\/\/talking-hope.org\/wp-content\/uploads\/2025\/04\/Sprechblase_sky_blue_umrandung_cream_innen_punkte.svg\" alt=\"\" title=\"Sprechblase_sky_blue_umrandung_cream_innen_punkte\"\/><\/figure>\n\n<\/div>\n<\/div>\n<div class=\"gb-shapes\"><div class=\"gb-shape gb-shape-1\"><svg xmlns=\"http:\/\/www.w3.org\/2000\/svg\" viewbox=\"0 0 1200 350\" preserveaspectratio=\"none\"><path d=\"M1200 350V0C22.4 60.3 0 336.7 0 336.7V350h1200z\"\/><\/svg><\/div><\/div><\/div>\n\n<div class=\"gb-container gb-container-82c316e6\">\n<div class=\"gb-container gb-container-300056bd\">\n<div class=\"gb-container gb-container-3faa05af\">\n\n<h1 class=\"gb-headline gb-headline-a4669590 gb-headline-text\">Key Note<\/h1>\n\n\n\n<p class=\"gb-headline gb-headline-a201db15 gb-headline-text\"><strong>Warum mehr geht als wir denken: Hoffnung als Handlungskraft f\u00fcr Demokratie und Nachhaltigkeit<\/strong><\/p>\n\n\n\n<p><strong><strong>Placida-Empfang<\/strong> <\/strong><br><a href=\"https:\/\/smmp.de\">07\/05\/2026 | 17.00 | Bergklosterkirche | Friedenspl. 6, 37308 Heilbad Heiligenstadt<\/a><\/p>\n\n<\/div>\n\n\n<p class=\"translation-block\">Wie k\u00f6nnen wir demokratisches Miteinander und Nachhaltigkeit st\u00e4rken - und warum mehr geht, als wir in diesen bewegten Zeiten denken? Zu diesem Thema h\u00e4lt Eva-Maria McCormack, Gr\u00fcnderin.von Talking Hope, in diesem Jahr den Festvortrag beim traditionellen Placida-Empfang in der Bergklosterkirche in Heiligenstadt. Der Empfang wird j\u00e4hrlich vom Orden der Schwestern der heiligen Maria Magdalena Postel ausgerichtet, der sich weltweit f\u00fcr Bildungsgerechtigkeit, Jugendarbeit und die St\u00e4rkung der Demokratie einsetzt. Der Empfang beginnt um 17 Uhr in der Bergklosterkirche mit einer Vesper.<\/p>\n\n\n\n<p><strong>Details zum Vortrag:<\/strong>&nbsp;<\/p>\n\n\n\n<ul class=\"wp-block-list\">\n<li><strong>Datum:<\/strong> 07\/05\/2026\u00a0\u00a0<\/li>\n<\/ul>\n\n\n\n<ul class=\"wp-block-list\">\n<li><strong>Uhrzeit:<\/strong> 17.00\u00a0\u00a0<\/li>\n<\/ul>\n\n\n\n<ul class=\"wp-block-list\">\n<li><strong>Ort:<\/strong> Bergklosterkirche | Friedenspl. 6, 37308 Heilbad Heiligenstadt<\/li>\n<\/ul>\n\n<\/div>\n<div class=\"gb-shapes\"><div class=\"gb-shape gb-shape-1\"><svg xmlns=\"http:\/\/www.w3.org\/2000\/svg\" viewbox=\"0 0 1200 194.3\" preserveaspectratio=\"none\"><path d=\"M1200 133.3l-50 8.9c-50 8.6-150 26.9-250 31.1-100 4.2-200-4.2-300-26.7S400 89.2 300 62.2C200 35.8 100 17.5 50 8.9L0 0v194.3h1200v-61z\"\/><\/svg><\/div><\/div><\/div>\n<\/div>","protected":false},"excerpt":{"rendered":"<p>Events Keynote We can do more: Hope as a Driver of Change Placida-Reception 07\/05\/2026 | 17.00 | Bergklosterkirche | Friedenspl. &#8230; <\/p>\n<p class=\"read-more-container\"><a title=\"Placida_Empfang_2026\" class=\"read-more button\" href=\"https:\/\/talking-hope.org\/de\/placida_empfang_2026\/#more-25667\" aria-label=\"Mehr Informationen \u00fcber Placida_Empfang_2026\">Read more<\/a><\/p>","protected":false},"author":1,"featured_media":0,"comment_status":"closed","ping_status":"closed","sticky":false,"template":"","format":"standard","meta":{"_seopress_robots_primary_cat":"","_seopress_titles_title":"We can do more: Hope as a Driver of Change - Placida-Reception","_seopress_titles_desc":"Democracy and sustainability in turbulent times \u2014 what if more is possible than we dare to hope?\nThis year, Eva-Maria McCormack, founder of Talking Hope, will give the keynote address on this question at the traditional Placida Reception in the Bergkloster Church in Heiligenstadt. The reception is hosted each year by the Order of the Sisters of Saint Mary Magdalene Postel, who work around the world for educational equity, youth empowerment and the strengthening of democracy.\nThe evening begins at 5 p.m. in the Bergkloster Church with Vespers, followed by the reception.","_seopress_robots_index":"","inline_featured_image":false,"_jetpack_memberships_contains_paid_content":false,"footnotes":""},"categories":[32],"tags":[],"class_list":["post-25667","post","type-post","status-publish","format-standard","hentry","category-events","no-featured-image-padding"],"jetpack_featured_media_url":"","jetpack_sharing_enabled":true,"_links":{"self":[{"href":"https:\/\/talking-hope.org\/de\/wp-json\/wp\/v2\/posts\/25667","targetHints":{"allow":["GET"]}}],"collection":[{"href":"https:\/\/talking-hope.org\/de\/wp-json\/wp\/v2\/posts"}],"about":[{"href":"https:\/\/talking-hope.org\/de\/wp-json\/wp\/v2\/types\/post"}],"author":[{"embeddable":true,"href":"https:\/\/talking-hope.org\/de\/wp-json\/wp\/v2\/users\/1"}],"replies":[{"embeddable":true,"href":"https:\/\/talking-hope.org\/de\/wp-json\/wp\/v2\/comments?post=25667"}],"version-history":[{"count":5,"href":"https:\/\/talking-hope.org\/de\/wp-json\/wp\/v2\/posts\/25667\/revisions"}],"predecessor-version":[{"id":25672,"href":"https:\/\/talking-hope.org\/de\/wp-json\/wp\/v2\/posts\/25667\/revisions\/25672"}],"wp:attachment":[{"href":"https:\/\/talking-hope.org\/de\/wp-json\/wp\/v2\/media?parent=25667"}],"wp:term":[{"taxonomy":"category","embeddable":true,"href":"https:\/\/talking-hope.org\/de\/wp-json\/wp\/v2\/categories?post=25667"},{"taxonomy":"post_tag","embeddable":true,"href":"https:\/\/talking-hope.org\/de\/wp-json\/wp\/v2\/tags?post=25667"}],"curies":[{"name":"wp","href":"https:\/\/api.w.org\/{rel}","templated":true}]}}